{"id":458,"date":"2019-05-11T11:18:41","date_gmt":"2019-05-11T09:18:41","guid":{"rendered":"https:\/\/motivmonster.de\/blog\/?p=458"},"modified":"2020-05-12T23:44:58","modified_gmt":"2020-05-12T21:44:58","slug":"zu-viel-zu-tun-fuer-die-kurzen-tage","status":"publish","type":"post","link":"https:\/\/motivmonster.de\/blog\/2019\/zu-viel-zu-tun-fuer-die-kurzen-tage\/","title":{"rendered":"Zu viel zu tun f\u00fcr die kurzen Tage!"},"content":{"rendered":"\n<p>Zur Zeit verrind uns die Zeit irgendwie unter den Fingern. Einerseits der normale Alltag, dann diverse Arztbesuche, dann die letzten Sachen von Gladenbach holen bzw. das Haus dort ausmisten usw.<\/p>\n\n\n\n<p>Es ist echt schade das man so von seinem Bruder hintergangen und verarscht wird.<br>Nach Mutters tot hat er noch gro\u00df get\u00f6nt, wir halten zusammen und er k\u00fcmmert sich um die Beerdigung und Nachlass. Das Haus bleibt aber in der Familie. (Es wurde von unserer Uroma gebaut und es waren nie Schulden oder so drauf)<br>Ich selber konnte mich zu dem  Zeitpunkt nicht drum k\u00fcmmern, da ich noch in Dortmund wohnte (war nur um Mama zu Pflegen, nach Gladenbach umgesiedelt).<br><\/p>\n\n\n\n<h3 class=\"wp-block-heading\">Der Schock<\/h3>\n\n\n\n<p>Einen Tag vor unsere Hochzeit  kam ein Brief vom Gericht bei uns an. Indem stand das mein *zensiert* Bruder  nun die Zwangsversteigerung von Mutters Haus in die Wege geleitet hat. Keiner  au\u00dfer Ihm wollte das, und nun m\u00fcssen wir uns beugen und verlieren dank dieses Idioten das Elternhaus, welches durch den Gutachter auch keinen Wert gesch\u00e4tzt wurde.<\/p>\n","protected":false},"excerpt":{"rendered":"<div class=\"slide-text-bg2\">\n<h3>Zur Zeit verrind uns die Zeit irgendwie unter den Fingern. Einerseits der normale Alltag, dann diverse Arztbesuche, dann die letzten<\/h3>\n<\/div>\n<div class=\"flex-btn-div\"><a href=\"https:\/\/motivmonster.de\/blog\/2019\/zu-viel-zu-tun-fuer-die-kurzen-tage\/\" class=\"btn1 flex-btn\">Weiterlesen<\/a><\/div>\n","protected":false},"author":1,"featured_media":6,"comment_status":"open","ping_status":"open","sticky":false,"template":"","format":"standard","meta":{"_uag_custom_page_level_css":"","footnotes":""},"categories":[8],"tags":[100,102,14,68],"class_list":["post-458","post","type-post","status-publish","format-standard","has-post-thumbnail","hentry","category-hintergruende","tag-eltern","tag-haus","tag-motivmonster","tag-weiterkommen"],"yoast_head":"<!-- This site is optimized with the Yoast SEO plugin v27.5 - https:\/\/yoast.com\/product\/yoast-seo-wordpress\/ -->\n<title>Zu viel zu tun f\u00fcr die kurzen Tage! - MotivMonster.de Blog - \u00dcber uns, die Monster<\/title>\n<meta name=\"robots\" content=\"noindex, follow, max-snippet:-1, max-image-preview:large, max-video-preview:-1\" \/>\n<meta property=\"og:locale\" content=\"de_DE\" \/>\n<meta property=\"og:type\" content=\"article\" \/>\n<meta property=\"og:title\" content=\"Zu viel zu tun f\u00fcr die kurzen Tage! - MotivMonster.de Blog - \u00dcber uns, die Monster\" \/>\n<meta property=\"og:description\" content=\"Zur Zeit verrind uns die Zeit irgendwie unter den Fingern. Einerseits der normale Alltag, dann diverse Arztbesuche, dann die letztenWeiterlesen\" \/>\n<meta property=\"og:url\" content=\"https:\/\/motivmonster.de\/blog\/2019\/zu-viel-zu-tun-fuer-die-kurzen-tage\/\" \/>\n<meta property=\"og:site_name\" content=\"MotivMonster.de Blog - \u00dcber uns, die Monster\" \/>\n<meta property=\"article:publisher\" content=\"https:\/\/www.facebook.com\/MotivMonster\/\" \/>\n<meta property=\"article:author\" content=\"https:\/\/www.facebook.com\/MotivMonster\/\" \/>\n<meta property=\"article:published_time\" content=\"2019-05-11T09:18:41+00:00\" \/>\n<meta property=\"article:modified_time\" content=\"2020-05-12T21:44:58+00:00\" \/>\n<meta property=\"og:image\" content=\"https:\/\/motivmonster.de\/blog\/wp-content\/uploads\/2018\/08\/favicon-vorlage.png\" \/>\n\t<meta property=\"og:image:width\" content=\"847\" \/>\n\t<meta property=\"og:image:height\" content=\"847\" \/>\n\t<meta property=\"og:image:type\" content=\"image\/png\" \/>\n<meta name=\"author\" content=\"Motivmonster\" \/>\n<meta name=\"twitter:card\" content=\"summary_large_image\" \/>\n<meta name=\"twitter:creator\" content=\"@Motivmonster1\" \/>\n<meta name=\"twitter:site\" content=\"@motivmonster1\" \/>\n<meta name=\"twitter:label1\" content=\"Verfasst von\" \/>\n\t<meta name=\"twitter:data1\" content=\"Motivmonster\" \/>\n\t<meta name=\"twitter:label2\" content=\"Gesch\u00e4tzte Lesezeit\" \/>\n\t<meta name=\"twitter:data2\" content=\"1\u00a0Minute\" \/>\n<script type=\"application\/ld+json\" class=\"yoast-schema-graph\">{\"@context\":\"https:\\\/\\\/schema.org\",\"@graph\":[{\"@type\":\"Article\",\"@id\":\"https:\\\/\\\/motivmonster.de\\\/blog\\\/2019\\\/zu-viel-zu-tun-fuer-die-kurzen-tage\\\/#article\",\"isPartOf\":{\"@id\":\"https:\\\/\\\/motivmonster.de\\\/blog\\\/2019\\\/zu-viel-zu-tun-fuer-die-kurzen-tage\\\/\"},\"author\":{\"name\":\"Motivmonster\",\"@id\":\"https:\\\/\\\/motivmonster.de\\\/blog\\\/#\\\/schema\\\/person\\\/5fe58ef0a6450470e2b945a4a7094086\"},\"headline\":\"Zu viel zu tun f\u00fcr die kurzen Tage!\",\"datePublished\":\"2019-05-11T09:18:41+00:00\",\"dateModified\":\"2020-05-12T21:44:58+00:00\",\"mainEntityOfPage\":{\"@id\":\"https:\\\/\\\/motivmonster.de\\\/blog\\\/2019\\\/zu-viel-zu-tun-fuer-die-kurzen-tage\\\/\"},\"wordCount\":184,\"commentCount\":0,\"publisher\":{\"@id\":\"https:\\\/\\\/motivmonster.de\\\/blog\\\/#organization\"},\"image\":{\"@id\":\"https:\\\/\\\/motivmonster.de\\\/blog\\\/2019\\\/zu-viel-zu-tun-fuer-die-kurzen-tage\\\/#primaryimage\"},\"thumbnailUrl\":\"https:\\\/\\\/motivmonster.de\\\/blog\\\/wp-content\\\/uploads\\\/2018\\\/08\\\/favicon-vorlage.png\",\"keywords\":[\"Eltern\",\"Haus\",\"MotivMonster\",\"weiterkommen\"],\"articleSection\":[\"Hintergr\u00fcnde\"],\"inLanguage\":\"de\",\"potentialAction\":[{\"@type\":\"CommentAction\",\"name\":\"Comment\",\"target\":[\"https:\\\/\\\/motivmonster.de\\\/blog\\\/2019\\\/zu-viel-zu-tun-fuer-die-kurzen-tage\\\/#respond\"]}]},{\"@type\":\"WebPage\",\"@id\":\"https:\\\/\\\/motivmonster.de\\\/blog\\\/2019\\\/zu-viel-zu-tun-fuer-die-kurzen-tage\\\/\",\"url\":\"https:\\\/\\\/motivmonster.de\\\/blog\\\/2019\\\/zu-viel-zu-tun-fuer-die-kurzen-tage\\\/\",\"name\":\"Zu viel zu tun f\u00fcr die kurzen Tage! - MotivMonster.de Blog - \u00dcber uns, die Monster\",\"isPartOf\":{\"@id\":\"https:\\\/\\\/motivmonster.de\\\/blog\\\/#website\"},\"primaryImageOfPage\":{\"@id\":\"https:\\\/\\\/motivmonster.de\\\/blog\\\/2019\\\/zu-viel-zu-tun-fuer-die-kurzen-tage\\\/#primaryimage\"},\"image\":{\"@id\":\"https:\\\/\\\/motivmonster.de\\\/blog\\\/2019\\\/zu-viel-zu-tun-fuer-die-kurzen-tage\\\/#primaryimage\"},\"thumbnailUrl\":\"https:\\\/\\\/motivmonster.de\\\/blog\\\/wp-content\\\/uploads\\\/2018\\\/08\\\/favicon-vorlage.png\",\"datePublished\":\"2019-05-11T09:18:41+00:00\",\"dateModified\":\"2020-05-12T21:44:58+00:00\",\"breadcrumb\":{\"@id\":\"https:\\\/\\\/motivmonster.de\\\/blog\\\/2019\\\/zu-viel-zu-tun-fuer-die-kurzen-tage\\\/#breadcrumb\"},\"inLanguage\":\"de\",\"potentialAction\":[{\"@type\":\"ReadAction\",\"target\":[\"https:\\\/\\\/motivmonster.de\\\/blog\\\/2019\\\/zu-viel-zu-tun-fuer-die-kurzen-tage\\\/\"]}]},{\"@type\":\"ImageObject\",\"inLanguage\":\"de\",\"@id\":\"https:\\\/\\\/motivmonster.de\\\/blog\\\/2019\\\/zu-viel-zu-tun-fuer-die-kurzen-tage\\\/#primaryimage\",\"url\":\"https:\\\/\\\/motivmonster.de\\\/blog\\\/wp-content\\\/uploads\\\/2018\\\/08\\\/favicon-vorlage.png\",\"contentUrl\":\"https:\\\/\\\/motivmonster.de\\\/blog\\\/wp-content\\\/uploads\\\/2018\\\/08\\\/favicon-vorlage.png\",\"width\":\"847\",\"height\":\"847\"},{\"@type\":\"BreadcrumbList\",\"@id\":\"https:\\\/\\\/motivmonster.de\\\/blog\\\/2019\\\/zu-viel-zu-tun-fuer-die-kurzen-tage\\\/#breadcrumb\",\"itemListElement\":[{\"@type\":\"ListItem\",\"position\":1,\"name\":\"Startseite\",\"item\":\"https:\\\/\\\/motivmonster.de\\\/blog\\\/\"},{\"@type\":\"ListItem\",\"position\":2,\"name\":\"Zu viel zu tun f\u00fcr die kurzen Tage!\"}]},{\"@type\":\"WebSite\",\"@id\":\"https:\\\/\\\/motivmonster.de\\\/blog\\\/#website\",\"url\":\"https:\\\/\\\/motivmonster.de\\\/blog\\\/\",\"name\":\"MotivMonster.de Blog - \u00dcber uns, die Monster\",\"description\":\"\u00dcber uns und unsere Produkte\",\"publisher\":{\"@id\":\"https:\\\/\\\/motivmonster.de\\\/blog\\\/#organization\"},\"potentialAction\":[{\"@type\":\"SearchAction\",\"target\":{\"@type\":\"EntryPoint\",\"urlTemplate\":\"https:\\\/\\\/motivmonster.de\\\/blog\\\/?s={search_term_string}\"},\"query-input\":{\"@type\":\"PropertyValueSpecification\",\"valueRequired\":true,\"valueName\":\"search_term_string\"}}],\"inLanguage\":\"de\"},{\"@type\":\"Organization\",\"@id\":\"https:\\\/\\\/motivmonster.de\\\/blog\\\/#organization\",\"name\":\"MotivMonster\",\"url\":\"https:\\\/\\\/motivmonster.de\\\/blog\\\/\",\"logo\":{\"@type\":\"ImageObject\",\"inLanguage\":\"de\",\"@id\":\"https:\\\/\\\/motivmonster.de\\\/blog\\\/#\\\/schema\\\/logo\\\/image\\\/\",\"url\":\"https:\\\/\\\/motivmonster.de\\\/blog\\\/wp-content\\\/uploads\\\/2018\\\/06\\\/Logo-motivmonster.png\",\"contentUrl\":\"https:\\\/\\\/motivmonster.de\\\/blog\\\/wp-content\\\/uploads\\\/2018\\\/06\\\/Logo-motivmonster.png\",\"width\":2363,\"height\":1002,\"caption\":\"MotivMonster\"},\"image\":{\"@id\":\"https:\\\/\\\/motivmonster.de\\\/blog\\\/#\\\/schema\\\/logo\\\/image\\\/\"},\"sameAs\":[\"https:\\\/\\\/www.facebook.com\\\/MotivMonster\\\/\",\"https:\\\/\\\/x.com\\\/motivmonster1\",\"https:\\\/\\\/www.instagram.com\\\/motivmonster\\\/\",\"https:\\\/\\\/www.pinterest.de\\\/motivmonster\\\/\",\"https:\\\/\\\/www.youtube.com\\\/channel\\\/UCNYRaTjnplup6VcDSFgQeOQ\"]},{\"@type\":\"Person\",\"@id\":\"https:\\\/\\\/motivmonster.de\\\/blog\\\/#\\\/schema\\\/person\\\/5fe58ef0a6450470e2b945a4a7094086\",\"name\":\"Motivmonster\",\"image\":{\"@type\":\"ImageObject\",\"inLanguage\":\"de\",\"@id\":\"https:\\\/\\\/secure.gravatar.com\\\/avatar\\\/c714906a94a248112b3e7fac933e12f08305e640a9b36bec6f2a1b013bd23f3e?s=96&r=pg\",\"url\":\"https:\\\/\\\/secure.gravatar.com\\\/avatar\\\/c714906a94a248112b3e7fac933e12f08305e640a9b36bec6f2a1b013bd23f3e?s=96&r=pg\",\"contentUrl\":\"https:\\\/\\\/secure.gravatar.com\\\/avatar\\\/c714906a94a248112b3e7fac933e12f08305e640a9b36bec6f2a1b013bd23f3e?s=96&r=pg\",\"caption\":\"Motivmonster\"},\"description\":\"Hier schreiben Andrea und Dennis als MotivMonster \u00fcber verschiedene Themen.\",\"sameAs\":[\"https:\\\/\\\/motivmonster.de\",\"https:\\\/\\\/www.facebook.com\\\/MotivMonster\\\/\",\"https:\\\/\\\/x.com\\\/Motivmonster1\"],\"url\":\"https:\\\/\\\/motivmonster.de\\\/blog\\\/author\\\/motivmonster\\\/\"}]}<\/script>\n<!-- \/ Yoast SEO plugin. -->","yoast_head_json":{"title":"Zu viel zu tun f\u00fcr die kurzen Tage! - MotivMonster.de Blog - \u00dcber uns, die Monster","robots":{"index":"noindex","follow":"follow","max-snippet":"max-snippet:-1","max-image-preview":"max-image-preview:large","max-video-preview":"max-video-preview:-1"},"og_locale":"de_DE","og_type":"article","og_title":"Zu viel zu tun f\u00fcr die kurzen Tage! - MotivMonster.de Blog - \u00dcber uns, die Monster","og_description":"Zur Zeit verrind uns die Zeit irgendwie unter den Fingern. Einerseits der normale Alltag, dann diverse Arztbesuche, dann die letztenWeiterlesen","og_url":"https:\/\/motivmonster.de\/blog\/2019\/zu-viel-zu-tun-fuer-die-kurzen-tage\/","og_site_name":"MotivMonster.de Blog - \u00dcber uns, die Monster","article_publisher":"https:\/\/www.facebook.com\/MotivMonster\/","article_author":"https:\/\/www.facebook.com\/MotivMonster\/","article_published_time":"2019-05-11T09:18:41+00:00","article_modified_time":"2020-05-12T21:44:58+00:00","og_image":[{"width":847,"height":847,"url":"https:\/\/motivmonster.de\/blog\/wp-content\/uploads\/2018\/08\/favicon-vorlage.png","type":"image\/png"}],"author":"Motivmonster","twitter_card":"summary_large_image","twitter_creator":"@Motivmonster1","twitter_site":"@motivmonster1","twitter_misc":{"Verfasst von":"Motivmonster","Gesch\u00e4tzte Lesezeit":"1\u00a0Minute"},"schema":{"@context":"https:\/\/schema.org","@graph":[{"@type":"Article","@id":"https:\/\/motivmonster.de\/blog\/2019\/zu-viel-zu-tun-fuer-die-kurzen-tage\/#article","isPartOf":{"@id":"https:\/\/motivmonster.de\/blog\/2019\/zu-viel-zu-tun-fuer-die-kurzen-tage\/"},"author":{"name":"Motivmonster","@id":"https:\/\/motivmonster.de\/blog\/#\/schema\/person\/5fe58ef0a6450470e2b945a4a7094086"},"headline":"Zu viel zu tun f\u00fcr die kurzen Tage!","datePublished":"2019-05-11T09:18:41+00:00","dateModified":"2020-05-12T21:44:58+00:00","mainEntityOfPage":{"@id":"https:\/\/motivmonster.de\/blog\/2019\/zu-viel-zu-tun-fuer-die-kurzen-tage\/"},"wordCount":184,"commentCount":0,"publisher":{"@id":"https:\/\/motivmonster.de\/blog\/#organization"},"image":{"@id":"https:\/\/motivmonster.de\/blog\/2019\/zu-viel-zu-tun-fuer-die-kurzen-tage\/#primaryimage"},"thumbnailUrl":"https:\/\/motivmonster.de\/blog\/wp-content\/uploads\/2018\/08\/favicon-vorlage.png","keywords":["Eltern","Haus","MotivMonster","weiterkommen"],"articleSection":["Hintergr\u00fcnde"],"inLanguage":"de","potentialAction":[{"@type":"CommentAction","name":"Comment","target":["https:\/\/motivmonster.de\/blog\/2019\/zu-viel-zu-tun-fuer-die-kurzen-tage\/#respond"]}]},{"@type":"WebPage","@id":"https:\/\/motivmonster.de\/blog\/2019\/zu-viel-zu-tun-fuer-die-kurzen-tage\/","url":"https:\/\/motivmonster.de\/blog\/2019\/zu-viel-zu-tun-fuer-die-kurzen-tage\/","name":"Zu viel zu tun f\u00fcr die kurzen Tage! - MotivMonster.de Blog - \u00dcber uns, die Monster","isPartOf":{"@id":"https:\/\/motivmonster.de\/blog\/#website"},"primaryImageOfPage":{"@id":"https:\/\/motivmonster.de\/blog\/2019\/zu-viel-zu-tun-fuer-die-kurzen-tage\/#primaryimage"},"image":{"@id":"https:\/\/motivmonster.de\/blog\/2019\/zu-viel-zu-tun-fuer-die-kurzen-tage\/#primaryimage"},"thumbnailUrl":"https:\/\/motivmonster.de\/blog\/wp-content\/uploads\/2018\/08\/favicon-vorlage.png","datePublished":"2019-05-11T09:18:41+00:00","dateModified":"2020-05-12T21:44:58+00:00","breadcrumb":{"@id":"https:\/\/motivmonster.de\/blog\/2019\/zu-viel-zu-tun-fuer-die-kurzen-tage\/#breadcrumb"},"inLanguage":"de","potentialAction":[{"@type":"ReadAction","target":["https:\/\/motivmonster.de\/blog\/2019\/zu-viel-zu-tun-fuer-die-kurzen-tage\/"]}]},{"@type":"ImageObject","inLanguage":"de","@id":"https:\/\/motivmonster.de\/blog\/2019\/zu-viel-zu-tun-fuer-die-kurzen-tage\/#primaryimage","url":"https:\/\/motivmonster.de\/blog\/wp-content\/uploads\/2018\/08\/favicon-vorlage.png","contentUrl":"https:\/\/motivmonster.de\/blog\/wp-content\/uploads\/2018\/08\/favicon-vorlage.png","width":"847","height":"847"},{"@type":"BreadcrumbList","@id":"https:\/\/motivmonster.de\/blog\/2019\/zu-viel-zu-tun-fuer-die-kurzen-tage\/#breadcrumb","itemListElement":[{"@type":"ListItem","position":1,"name":"Startseite","item":"https:\/\/motivmonster.de\/blog\/"},{"@type":"ListItem","position":2,"name":"Zu viel zu tun f\u00fcr die kurzen Tage!"}]},{"@type":"WebSite","@id":"https:\/\/motivmonster.de\/blog\/#website","url":"https:\/\/motivmonster.de\/blog\/","name":"MotivMonster.de Blog - \u00dcber uns, die Monster","description":"\u00dcber uns und unsere Produkte","publisher":{"@id":"https:\/\/motivmonster.de\/blog\/#organization"},"potentialAction":[{"@type":"SearchAction","target":{"@type":"EntryPoint","urlTemplate":"https:\/\/motivmonster.de\/blog\/?s={search_term_string}"},"query-input":{"@type":"PropertyValueSpecification","valueRequired":true,"valueName":"search_term_string"}}],"inLanguage":"de"},{"@type":"Organization","@id":"https:\/\/motivmonster.de\/blog\/#organization","name":"MotivMonster","url":"https:\/\/motivmonster.de\/blog\/","logo":{"@type":"ImageObject","inLanguage":"de","@id":"https:\/\/motivmonster.de\/blog\/#\/schema\/logo\/image\/","url":"https:\/\/motivmonster.de\/blog\/wp-content\/uploads\/2018\/06\/Logo-motivmonster.png","contentUrl":"https:\/\/motivmonster.de\/blog\/wp-content\/uploads\/2018\/06\/Logo-motivmonster.png","width":2363,"height":1002,"caption":"MotivMonster"},"image":{"@id":"https:\/\/motivmonster.de\/blog\/#\/schema\/logo\/image\/"},"sameAs":["https:\/\/www.facebook.com\/MotivMonster\/","https:\/\/x.com\/motivmonster1","https:\/\/www.instagram.com\/motivmonster\/","https:\/\/www.pinterest.de\/motivmonster\/","https:\/\/www.youtube.com\/channel\/UCNYRaTjnplup6VcDSFgQeOQ"]},{"@type":"Person","@id":"https:\/\/motivmonster.de\/blog\/#\/schema\/person\/5fe58ef0a6450470e2b945a4a7094086","name":"Motivmonster","image":{"@type":"ImageObject","inLanguage":"de","@id":"https:\/\/secure.gravatar.com\/avatar\/c714906a94a248112b3e7fac933e12f08305e640a9b36bec6f2a1b013bd23f3e?s=96&r=pg","url":"https:\/\/secure.gravatar.com\/avatar\/c714906a94a248112b3e7fac933e12f08305e640a9b36bec6f2a1b013bd23f3e?s=96&r=pg","contentUrl":"https:\/\/secure.gravatar.com\/avatar\/c714906a94a248112b3e7fac933e12f08305e640a9b36bec6f2a1b013bd23f3e?s=96&r=pg","caption":"Motivmonster"},"description":"Hier schreiben Andrea und Dennis als MotivMonster \u00fcber verschiedene Themen.","sameAs":["https:\/\/motivmonster.de","https:\/\/www.facebook.com\/MotivMonster\/","https:\/\/x.com\/Motivmonster1"],"url":"https:\/\/motivmonster.de\/blog\/author\/motivmonster\/"}]}},"uagb_featured_image_src":{"full":["https:\/\/motivmonster.de\/blog\/wp-content\/uploads\/2018\/08\/favicon-vorlage.png",847,847,false],"thumbnail":["https:\/\/motivmonster.de\/blog\/wp-content\/uploads\/2018\/08\/favicon-vorlage-150x150.png",150,150,true],"medium":["https:\/\/motivmonster.de\/blog\/wp-content\/uploads\/2018\/08\/favicon-vorlage-300x300.png",300,300,true],"medium_large":["https:\/\/motivmonster.de\/blog\/wp-content\/uploads\/2018\/08\/favicon-vorlage-768x768.png",600,600,true],"large":["https:\/\/motivmonster.de\/blog\/wp-content\/uploads\/2018\/08\/favicon-vorlage.png",600,600,false],"1536x1536":["https:\/\/motivmonster.de\/blog\/wp-content\/uploads\/2018\/08\/favicon-vorlage.png",847,847,false],"2048x2048":["https:\/\/motivmonster.de\/blog\/wp-content\/uploads\/2018\/08\/favicon-vorlage.png",847,847,false]},"uagb_author_info":{"display_name":"Motivmonster","author_link":"https:\/\/motivmonster.de\/blog\/author\/motivmonster\/"},"uagb_comment_info":0,"uagb_excerpt":"Zur Zeit verrind uns die Zeit irgendwie unter den Fingern. Einerseits der normale Alltag, dann diverse Arztbesuche, dann die letztenWeiterlesen","_links":{"self":[{"href":"https:\/\/motivmonster.de\/blog\/wp-json\/wp\/v2\/posts\/458","targetHints":{"allow":["GET"]}}],"collection":[{"href":"https:\/\/motivmonster.de\/blog\/wp-json\/wp\/v2\/posts"}],"about":[{"href":"https:\/\/motivmonster.de\/blog\/wp-json\/wp\/v2\/types\/post"}],"author":[{"embeddable":true,"href":"https:\/\/motivmonster.de\/blog\/wp-json\/wp\/v2\/users\/1"}],"replies":[{"embeddable":true,"href":"https:\/\/motivmonster.de\/blog\/wp-json\/wp\/v2\/comments?post=458"}],"version-history":[{"count":4,"href":"https:\/\/motivmonster.de\/blog\/wp-json\/wp\/v2\/posts\/458\/revisions"}],"predecessor-version":[{"id":672,"href":"https:\/\/motivmonster.de\/blog\/wp-json\/wp\/v2\/posts\/458\/revisions\/672"}],"wp:featuredmedia":[{"embeddable":true,"href":"https:\/\/motivmonster.de\/blog\/wp-json\/wp\/v2\/media\/6"}],"wp:attachment":[{"href":"https:\/\/motivmonster.de\/blog\/wp-json\/wp\/v2\/media?parent=458"}],"wp:term":[{"taxonomy":"category","embeddable":true,"href":"https:\/\/motivmonster.de\/blog\/wp-json\/wp\/v2\/categories?post=458"},{"taxonomy":"post_tag","embeddable":true,"href":"https:\/\/motivmonster.de\/blog\/wp-json\/wp\/v2\/tags?post=458"}],"curies":[{"name":"wp","href":"https:\/\/api.w.org\/{rel}","templated":true}]}}